{"id":272,"date":"2020-02-18T20:00:50","date_gmt":"2020-02-18T19:00:50","guid":{"rendered":"https:\/\/anarchistburecross.noblogs.org\/?p=272"},"modified":"2020-02-21T14:14:59","modified_gmt":"2020-02-21T13:14:59","slug":"anti-knast-woche-programm-und-weitere-infos","status":"publish","type":"post","link":"https:\/\/anarchistburecross.noblogs.org\/de\/post\/2020\/02\/18\/anti-knast-woche-programm-und-weitere-infos\/","title":{"rendered":"Anti-Knast-Woche: programm und weitere Infos"},"content":{"rendered":"<p><strong>Note : the program on the <a href=\"https:\/\/anarchistburecross.noblogs.org\/en\/post\/2020\/02\/21\/anti-prison-week-program-practical-informations\/\">english<\/a> and <a href=\"https:\/\/anarchistburecross.noblogs.org\/post\/2020\/02\/21\/semaine-anti-carcerale-programme-infos-pratiques\/\">french<\/a> version of this article is more up-to-date \/ le programme sur les versions <a href=\"https:\/\/anarchistburecross.noblogs.org\/en\/post\/2020\/02\/21\/anti-prison-week-program-practical-informations\/\">anglaise<\/a> et <a href=\"https:\/\/anarchistburecross.noblogs.org\/post\/2020\/02\/21\/semaine-anti-carcerale-programme-infos-pratiques\/\">fran\u00e7aise<\/a> de cet article est plus r\u00e9cent.<\/strong><\/p>\n<p>In weniger als 1 Monat beginnt die Anti-Knast-Woche. Sie findet vom 2- bis 8- M\u00e4rz im ehemaligen Bahnhof von Lumeville, in der N\u00e4he von Bure statt. In Bure soll das CIGEO-Projekt, also eine unterirdische Lagerung von Atomm\u00fcll gebaut werden, weshalb auch Orte des Widerstandes dagegen entstanden sind.<\/p>\n<p>Wir wollen uns Zeit nehmen um Vernetzung zwischen verschiedenen Projekten und Menschen aus verschiedenen L\u00e4ndern zu schaffen,. Es sollen Workshops und Diskussionen, Filmvorf\u00fchrungen und Lesungen stattfinden. Ihr seid herzlich eingeladen selbst Programmpunkte mitzubringen, ob<br \/>\nangek\u00fcndigt oder spontan. Wir freuen uns auch \u00fcber Beitr\u00e4ge f\u00fcr den Infoladen!<\/p>\n<p>Wir haben die Kritik erhalten dass dem Thema Rassismus im Gef\u00e4ngnis und Staatlicher Rassismus zu wenig Raum gegeben wird, verglichen mit der enormen Rolle die Rassismus im Justiz-System spielt. Wir wollen das \u00e4ndern. Wenn ihr Vorschl\u00e4ge habt oder euch vorstellen k\u00f6nnt einen Programmpunkt zu diesen Themen anzubieten, kontaktiert uns gerne!<\/p>\n<h2>Programm<\/h2>\n<p><strong>Zur Zeit arbeiten wir daran die Programmpunkte zu koordinieren und <\/strong><strong>Gruppen einzuladen, darum wird das Programm in den Tagen bis zur <\/strong><strong>Anti-Knastwoche aktualisiert werden<\/strong><\/p>\n<h3>Montag<\/h3>\n<ul>\n<li>Der Kampf in Bure, das CIGEO Projekt und die Ereignisse der letzten Jahre<\/li>\n<li>Weitere Infos folgen<\/li>\n<\/ul>\n<h3>Dienstag : Repression und Anti-Repression<\/h3>\n<ul>\n<li>Weitere Infos folgen<\/li>\n<\/ul>\n<h3>Mittwoch: (gegen) Grenzen<\/h3>\n<ul>\n<li>Weitere Infos folgen<\/li>\n<\/ul>\n<h3>Donnerstag: Gender, LGBTQ+, Frauenkn\u00e4ste<\/h3>\n<ul>\n<li>Weitere Infos folgen<\/li>\n<\/ul>\n<h3>Freitag: Flucht\/ Ausbruch<\/h3>\n<ul>\n<li>Weitere Infos folgen<\/li>\n<\/ul>\n<h3>Samstag: Anarchistische Sichtweisen auf Justiz, Recht, Kriminalit\u00e4t \/ wie mensch sich dem Strafsystem entziehen kann<\/h3>\n<ul>\n<li>Weitere Infos folgen<\/li>\n<\/ul>\n<h3>Sonntag<\/h3>\n<ul>\n<li>Weitere Infos folgen<\/li>\n<\/ul>\n<h2>Praktische Infos<\/h2>\n<h3>Anreise<\/h3>\n<p>Der ehemalige Bahnhof von Lumeville liegt in Meuse (Frankreich), nahe dem Dorf Lumeville-en-Ornois in Richtung Mandres-en-Barrios, links an der Stra\u00dfe. Der Bahnhof ist mit dem Auto erreichbar. Wir werden Schilder aufstellen damit ihr den Eingang nicht verpasst.<\/p>\n<h3><a href=\"https:\/\/anarchistburecross.noblogs.org\/files\/2020\/02\/carte_gare.png\"><img loading=\"lazy\" decoding=\"async\" class=\"aligncenter size-large wp-image-256\" src=\"https:\/\/anarchistburecross.noblogs.org\/files\/2020\/02\/carte_gare-1024x535.png\" alt=\"\" width=\"640\" height=\"334\" srcset=\"https:\/\/anarchistburecross.noblogs.org\/files\/2020\/02\/carte_gare-1024x535.png 1024w, https:\/\/anarchistburecross.noblogs.org\/files\/2020\/02\/carte_gare-300x157.png 300w, https:\/\/anarchistburecross.noblogs.org\/files\/2020\/02\/carte_gare-768x401.png 768w, https:\/\/anarchistburecross.noblogs.org\/files\/2020\/02\/carte_gare.png 1206w\" sizes=\"auto, (max-width: 640px) 100vw, 640px\" \/><\/a><\/h3>\n<h3>Essen<\/h3>\n<p>Es wird vegan gekocht von Sonntag (01.) Abend bis Montag (09.) Mittag. Wir besorgen die Lebensmittel und die Ausr\u00fcstung der K\u00fcche, das Kochen soll aber selbstorganisiert und mit Teilnahme aller stattfinden. Es wird eine Spendendose geben damit Menschen sich an den Kosten f\u00fcr das Essen beteiligen k\u00f6nnen.<\/p>\n<h3>Schlafpl\u00e4tze<\/h3>\n<p>Es wird Schlafpl\u00e4tze vor Ort geben, aber vermutlich nicht f\u00fcr alle. Weitere Schlafpl\u00e4tze werden von kollektiven Orten in der Umgebung (max. 8 km Distanz) zur Verf\u00fcgung gestellt. Auf dem Gel\u00e4nde ist viel Platz f\u00fcr W\u00e4gen und Zelte, wenn ihr welche mitbringt.<\/p>\n<p><strong>Wenn ihr vor Ort schlafen m\u00f6chtet und keinen Wagen oder Zelt habt, dann schreibt uns bitte die Anzahl der ben\u00f6tigten Schlafpl\u00e4tze, damit wir das einplanen k\u00f6nnen.<\/strong><\/p>\n<h3>\u00dcbersetzung<\/h3>\n<p>Es wir \u00dcbersetzung geben in franz\u00f6sisch, englisch, deutsch, italienisch. Wenn ihr an der Woche teilnehmen und euch vorstellen k\u00f6nnt ebenfalls zu \u00fcbersetzen dann schreibt uns gerne vorher, welche Sprachen ihr \u00fcbersetzen k\u00f6nnt!<\/p>\n<h3>Rechtliche Situation<\/h3>\n<p>Wir haben eine Zusammenfassung der rechtlichen Situation und der Bullenpr\u00e4senz\/Kontrolle f\u00fcr die Woche. Ihr k\u00f6nnt sie <a href=\"https:\/\/anarchistburecross.noblogs.org\/de\/post\/2020\/02\/08\/rechtslage-fur-die-anti-knast-woche\/\">hier<\/a> lesen.<\/p>\n<hr \/>\n<p>Wir sehen uns!<\/p>\n<p>Euer Anarchist Bure Cross<\/p>\n","protected":false},"excerpt":{"rendered":"<p>Note : the program on the english and french version of this article is more up-to-date \/ le programme sur les versions anglaise et fran\u00e7aise de cet article est plus r\u00e9cent. In weniger als 1 Monat beginnt die Anti-Knast-Woche. Sie &hellip; <a href=\"https:\/\/anarchistburecross.noblogs.org\/de\/post\/2020\/02\/18\/anti-knast-woche-programm-und-weitere-infos\/\">Weiterlesen <span class=\"meta-nav\">&rarr;<\/span><\/a><\/p>\n","protected":false},"author":11411,"featured_media":0,"comment_status":"open","ping_status":"closed","sticky":false,"template":"","format":"standard","meta":{"_locale":"de_DE","_original_post":"253","footnotes":""},"categories":[1],"tags":[],"class_list":["post-272","post","type-post","status-publish","format-standard","hentry","category-general","de-DE"],"_links":{"self":[{"href":"https:\/\/anarchistburecross.noblogs.org\/wp-json\/wp\/v2\/posts\/272","targetHints":{"allow":["GET"]}}],"collection":[{"href":"https:\/\/anarchistburecross.noblogs.org\/wp-json\/wp\/v2\/posts"}],"about":[{"href":"https:\/\/anarchistburecross.noblogs.org\/wp-json\/wp\/v2\/types\/post"}],"author":[{"embeddable":true,"href":"https:\/\/anarchistburecross.noblogs.org\/wp-json\/wp\/v2\/users\/11411"}],"replies":[{"embeddable":true,"href":"https:\/\/anarchistburecross.noblogs.org\/wp-json\/wp\/v2\/comments?post=272"}],"version-history":[{"count":3,"href":"https:\/\/anarchistburecross.noblogs.org\/wp-json\/wp\/v2\/posts\/272\/revisions"}],"predecessor-version":[{"id":295,"href":"https:\/\/anarchistburecross.noblogs.org\/wp-json\/wp\/v2\/posts\/272\/revisions\/295"}],"wp:attachment":[{"href":"https:\/\/anarchistburecross.noblogs.org\/wp-json\/wp\/v2\/media?parent=272"}],"wp:term":[{"taxonomy":"category","embeddable":true,"href":"https:\/\/anarchistburecross.noblogs.org\/wp-json\/wp\/v2\/categories?post=272"},{"taxonomy":"post_tag","embeddable":true,"href":"https:\/\/anarchistburecross.noblogs.org\/wp-json\/wp\/v2\/tags?post=272"}],"curies":[{"name":"wp","href":"https:\/\/api.w.org\/{rel}","templated":true}]}}